{"id":2105,"date":"2015-03-17T06:21:46","date_gmt":"2015-03-16T19:21:46","guid":{"rendered":"https:\/\/communityworks.com.au\/?p=2105"},"modified":"2025-11-19T21:11:51","modified_gmt":"2025-11-19T10:11:51","slug":"the-chaco-networks-environment-and-development-in-south-america-by-steve-fisher","status":"publish","type":"post","link":"https:\/\/communityworks.com.au\/es\/the-chaco-networks-environment-and-development-in-south-america-by-steve-fisher\/","title":{"rendered":"El Chaco Redes; medio ambiente y desarrollo en Am\u00e9rica del Sur"},"content":{"rendered":"<p>Las Redes Chaco (pronunciado Rojo-es el Cha-Cha-co) o Chaco Redes es un grupo de personas y organizaciones relacionadas con el desarrollo sostenible de la Regi\u00f3n del Gran Chaco de Am\u00e9rica del Sur, una amplia bajas y semi-\u00e1ridas de la zona que es parte del territorio de Argentina, Bolivia, Paraguay y Brasil.<\/p>\n<div id=\"attachment_2107\" style=\"width: 461px\" class=\"wp-caption alignleft\"><img loading=\"lazy\" decoding=\"async\" aria-describedby=\"caption-attachment-2107\" class=\"wp-image-2107\" src=\"https:\/\/communityworks.com.au\/wp-content\/uploads\/2015\/03\/P2280401-300x200.jpg\" alt=\"\" width=\"451\" height=\"300\" srcset=\"https:\/\/communityworks.com.au\/wp-content\/uploads\/2015\/03\/P2280401-300x200.jpg 300w, https:\/\/communityworks.com.au\/wp-content\/uploads\/2015\/03\/P2280401-1024x683.jpg 1024w, https:\/\/communityworks.com.au\/wp-content\/uploads\/2015\/03\/P2280401-600x400.jpg 600w\" sizes=\"auto, (max-width: 451px) 100vw, 451px\" \/><p id=\"caption-attachment-2107\" class=\"wp-caption-text\">Iv\u00e1n Arnold Nativa de abordar las Redes Chaco Reuni\u00f3n en febrero de 2015<\/p><\/div>\n<p style=\"text-align: left;\">Recientemente he participado en el encuentro regional de Redes Chaco celebr\u00f3 en la Embarcaci\u00f3n, Argentina, cerca de la frontera con Bolivia. He sido invitado a la reuni\u00f3n por Iv\u00e1n Arnold de Nativa, un Boliviano de la organizaci\u00f3n que ser\u00e1 objeto de otro post en el blog. Despu\u00e9s pas\u00e9 alg\u00fan tiempo visitando Nativa y la comprensi\u00f3n de sus programas, con miras a la Comunidad de ayudar o trabajar con ellos de alguna manera.<\/p>\n<div id=\"attachment_2108\" style=\"width: 463px\" class=\"wp-caption alignleft\"><img loading=\"lazy\" decoding=\"async\" aria-describedby=\"caption-attachment-2108\" class=\"wp-image-2108\" src=\"https:\/\/communityworks.com.au\/wp-content\/uploads\/2015\/03\/P3010410-300x200.jpg\" alt=\"\" width=\"453\" height=\"302\" srcset=\"https:\/\/communityworks.com.au\/wp-content\/uploads\/2015\/03\/P3010410-300x200.jpg 300w, https:\/\/communityworks.com.au\/wp-content\/uploads\/2015\/03\/P3010410-1024x683.jpg 1024w, https:\/\/communityworks.com.au\/wp-content\/uploads\/2015\/03\/P3010410-600x400.jpg 600w\" sizes=\"auto, (max-width: 453px) 100vw, 453px\" \/><p id=\"caption-attachment-2108\" class=\"wp-caption-text\">La casa de una regi\u00f3n Chaque\u00f1a de la familia que participan en una Nativa proyecto para reducir la presi\u00f3n sobre los recursos forestales<\/p><\/div>\n<p>Tomando un punto de vista Australiano en el Chaco, tiene mucho en com\u00fan con la Regi\u00f3n de Kimberley en Australia Occidental. Calidad y disponibilidad de agua es un reto, de temporada y de cambio clim\u00e1tico (especialmente en la temporada de lluvias) puede presentar dificultades para el acceso y la infraestructura, mientras que el patr\u00f3n de asentamiento disperso conduce a las complejidades en torno al acceso a los servicios y el desarrollo econ\u00f3mico. Temas de inter\u00e9s para Redes Chaco incluyen el agua, la vulnerabilidad frente al cambio clim\u00e1tico, el desarrollo empresarial y la gesti\u00f3n de los recursos naturales. La presencia de muchos pueblos ind\u00edgenas y organizaciones en la regi\u00f3n trae una experiencia social y de la din\u00e1mica cultural de la regi\u00f3n.<\/p>\n<p>Redes Chaco ha lanzado recientemente un fondo de apoyo a proyectos de desarrollo sostenible. De la comunidad de mantener nuestro inter\u00e9s en el trabajo de la organizaci\u00f3n y las oportunidades para hacer conexiones positivas en Australia y en otros lugares.<\/p>\n<p>&nbsp;<\/p>","protected":false},"excerpt":{"rendered":"<p>The Redes Chaco (pronounced Red-es Cha-co) or Chaco Networks is a group of people and organisations concerned with the sustainable development of the Gran Chaco Region of South America, an&#8230;<\/p>","protected":false},"author":1,"featured_media":2108,"comment_status":"closed","ping_status":"closed","sticky":false,"template":"","format":"standard","meta":{"wds_primary_category":0,"footnotes":""},"categories":[59],"tags":[72,73,71],"class_list":{"0":"post-2105","1":"post","2":"type-post","3":"status-publish","4":"format-standard","5":"has-post-thumbnail","7":"category-community-works","8":"tag-environment","9":"tag-resources","10":"tag-south-america"},"_links":{"self":[{"href":"https:\/\/communityworks.com.au\/es\/wp-json\/wp\/v2\/posts\/2105","targetHints":{"allow":["GET"]}}],"collection":[{"href":"https:\/\/communityworks.com.au\/es\/wp-json\/wp\/v2\/posts"}],"about":[{"href":"https:\/\/communityworks.com.au\/es\/wp-json\/wp\/v2\/types\/post"}],"author":[{"embeddable":true,"href":"https:\/\/communityworks.com.au\/es\/wp-json\/wp\/v2\/users\/1"}],"replies":[{"embeddable":true,"href":"https:\/\/communityworks.com.au\/es\/wp-json\/wp\/v2\/comments?post=2105"}],"version-history":[{"count":10,"href":"https:\/\/communityworks.com.au\/es\/wp-json\/wp\/v2\/posts\/2105\/revisions"}],"predecessor-version":[{"id":13830,"href":"https:\/\/communityworks.com.au\/es\/wp-json\/wp\/v2\/posts\/2105\/revisions\/13830"}],"wp:featuredmedia":[{"embeddable":true,"href":"https:\/\/communityworks.com.au\/es\/wp-json\/wp\/v2\/media\/2108"}],"wp:attachment":[{"href":"https:\/\/communityworks.com.au\/es\/wp-json\/wp\/v2\/media?parent=2105"}],"wp:term":[{"taxonomy":"category","embeddable":true,"href":"https:\/\/communityworks.com.au\/es\/wp-json\/wp\/v2\/categories?post=2105"},{"taxonomy":"post_tag","embeddable":true,"href":"https:\/\/communityworks.com.au\/es\/wp-json\/wp\/v2\/tags?post=2105"}],"curies":[{"name":"wp","href":"https:\/\/api.w.org\/{rel}","templated":true}]}}